{"id":144,"date":"2014-01-25T15:53:04","date_gmt":"2014-01-25T14:53:04","guid":{"rendered":"http:\/\/142.132.203.237\/~broderim\/Fruolsentest\/?p=144"},"modified":"2015-02-13T17:06:44","modified_gmt":"2015-02-13T16:06:44","slug":"the-haette","status":"publish","type":"post","link":"https:\/\/fruolsendesign.dk\/?p=144","title":{"rendered":"The H\u00e6tte"},"content":{"rendered":"<figure id=\"attachment_49\" aria-describedby=\"caption-attachment-49\" style=\"width: 235px\" class=\"wp-caption aligncenter\"><a href=\"https:\/\/fruolsendesign.dk\/wp-content\/uploads\/2014\/01\/theh\u00e6tte-sommerstemning11.jpg\"><img loading=\"lazy\" decoding=\"async\" class=\"wp-image-49 size-medium\" src=\"https:\/\/fruolsendesign.dk\/wp-content\/uploads\/2014\/01\/theh\u00e6tte-sommerstemning11-235x300.jpg\" alt=\"\" width=\"235\" height=\"300\" srcset=\"https:\/\/fruolsendesign.dk\/wp-content\/uploads\/2014\/01\/theh\u00e6tte-sommerstemning11-235x300.jpg 235w, https:\/\/fruolsendesign.dk\/wp-content\/uploads\/2014\/01\/theh\u00e6tte-sommerstemning11.jpg 802w\" sizes=\"auto, (max-width: 235px) 100vw, 235px\" \/><\/a><figcaption id=\"caption-attachment-49\" class=\"wp-caption-text\">Sommerstemning<\/figcaption><\/figure>\n<p>Broderimotivet p\u00e5 denne the h\u00e6tte blev til ved en tilf\u00e6ldighed.<\/p>\n<p>Et stykke garn blev\u00a0l\u00f8st lagt ned p\u00e5 mit stof.\u00a0Tr\u00e5den blev syet fast og jeg begyndte at arbejde med frie h\u00e5nd\u00a0sting i felterne. Jeg sad og kiggede p\u00e5 det og pludselig\u00a0 kunne jeg se, at en kande var ved at tage form.<\/p>\n<p>Senere tilf\u00f8jede jeg maskinbroderi henover det h\u00e5ndbroderede og maskinbroderede en skygge.<\/p>\n<p>&nbsp;<\/p>\n","protected":false},"excerpt":{"rendered":"<p>Broderimotivet p\u00e5 denne the h\u00e6tte blev til ved en tilf\u00e6ldighed. Et stykke garn blev\u00a0l\u00f8st lagt ned p\u00e5 mit stof.\u00a0Tr\u00e5den blev syet fast og jeg begyndte at arbejde med frie h\u00e5nd\u00a0sting i felterne. Jeg sad og kiggede p\u00e5 det og pludselig\u00a0 kunne jeg se, at en kande var ved at tage form. Senere tilf\u00f8jede jeg maskinbroderi &hellip; <a href=\"https:\/\/fruolsendesign.dk\/?p=144\" class=\"more-link\">L\u00e6s videre <span class=\"screen-reader-text\">The H\u00e6tte<\/span> <span class=\"meta-nav\">&rarr;<\/span><\/a><\/p>\n","protected":false},"author":1,"featured_media":0,"comment_status":"open","ping_status":"open","sticky":false,"template":"","format":"standard","meta":{"footnotes":""},"categories":[3,4,5],"tags":[11,12,13,18],"class_list":["post-144","post","type-post","status-publish","format-standard","hentry","category-boligtekstil","category-broderi","category-kaffe-the-haetter","tag-kafhat2","tag-fritbrod2","tag-fritbrod1","tag-kafhat1"],"_links":{"self":[{"href":"https:\/\/fruolsendesign.dk\/index.php?rest_route=\/wp\/v2\/posts\/144","targetHints":{"allow":["GET"]}}],"collection":[{"href":"https:\/\/fruolsendesign.dk\/index.php?rest_route=\/wp\/v2\/posts"}],"about":[{"href":"https:\/\/fruolsendesign.dk\/index.php?rest_route=\/wp\/v2\/types\/post"}],"author":[{"embeddable":true,"href":"https:\/\/fruolsendesign.dk\/index.php?rest_route=\/wp\/v2\/users\/1"}],"replies":[{"embeddable":true,"href":"https:\/\/fruolsendesign.dk\/index.php?rest_route=%2Fwp%2Fv2%2Fcomments&post=144"}],"version-history":[{"count":2,"href":"https:\/\/fruolsendesign.dk\/index.php?rest_route=\/wp\/v2\/posts\/144\/revisions"}],"predecessor-version":[{"id":490,"href":"https:\/\/fruolsendesign.dk\/index.php?rest_route=\/wp\/v2\/posts\/144\/revisions\/490"}],"wp:attachment":[{"href":"https:\/\/fruolsendesign.dk\/index.php?rest_route=%2Fwp%2Fv2%2Fmedia&parent=144"}],"wp:term":[{"taxonomy":"category","embeddable":true,"href":"https:\/\/fruolsendesign.dk\/index.php?rest_route=%2Fwp%2Fv2%2Fcategories&post=144"},{"taxonomy":"post_tag","embeddable":true,"href":"https:\/\/fruolsendesign.dk\/index.php?rest_route=%2Fwp%2Fv2%2Ftags&post=144"}],"curies":[{"name":"wp","href":"https:\/\/api.w.org\/{rel}","templated":true}]}}